{"id":1965,"date":"2025-02-23T08:56:36","date_gmt":"2025-02-23T08:56:36","guid":{"rendered":"https:\/\/obiektywnienajpiekniejsze.pl\/?p=1965"},"modified":"2025-02-23T09:34:05","modified_gmt":"2025-02-23T09:34:05","slug":"narodziny-antosia","status":"publish","type":"post","link":"http:\/\/obiektywnienajpiekniejsze.pl\/?p=1965","title":{"rendered":"Narodziny Antosia"},"content":{"rendered":"<div class=\"e5nlhep0 nu4hu5il eg9m0zos\">\n<div class=\"kvgmc6g5 cxmmr5t8 oygrvhab hcukyx3x c1et5uql\">\n<div class=\"gwp69513f99_x11i5rnm gwp69513f99_xat24cr gwp69513f99_x1mh8g0r gwp69513f99_x1vvkbs gwp69513f99_xdj266r\">\n<div dir=\"auto\">\n<div class=\"x11i5rnm xat24cr x1mh8g0r x1vvkbs xdj266r\">\n<div dir=\"auto\">\n<div class=\"gwp37073e0e_xdj266r gwp37073e0e_x11i5rnm gwp37073e0e_xat24cr gwp37073e0e_x1mh8g0r gwp37073e0e_x1vvkbs\">\n<div class=\"gwp37073e0e_xdj266r gwp37073e0e_x11i5rnm gwp37073e0e_xat24cr gwp37073e0e_x1mh8g0r gwp37073e0e_x1vvkbs\">\n<div dir=\"auto\">Wczoraj by\u0142 wyj\u0105tkowy dzie\u0144 \u2013 Mi\u0119dzynarodowy Dzie\u0144\u00a0Fotografii<\/div>\n<div dir=\"auto\"><\/div>\n<\/div>\n<div class=\"gwp37073e0e_x11i5rnm gwp37073e0e_xat24cr gwp37073e0e_x1mh8g0r gwp37073e0e_x1vvkbs gwp37073e0e_xtlvy1s\">\n<div dir=\"auto\">Nigdy nie s\u0105dzi\u0142am, \u017ce w moim \u017cyciu pojawi si\u0119 taka przygoda i b\u0119d\u0119 pionierk\u0105 fotografii z narodzin w Polsce. Czy fotografia mo\u017cna zmienia\u0107 \u015bwiat? Dzi\u015b, po prawie pi\u0119ciu latach fotografowania cudu \u017cycia wiem, \u017ce tak. Dzi\u0119kuj\u0119 Wszystkim rodzinom, kt\u00f3re mi zaufa\u0142y i zaprosi\u0142y do towarzyszenia im z aparatem w tak wyj\u0105tkowych chwilach ich \u017cycia. Dzi\u0119kuj\u0119 te\u017c za to, \u017ce mog\u0119 to pi\u0119kno pokazywa\u0107 \u015bwiatu. Dzi\u015b zapraszam Was na reporta\u017c z narodzin Antosia w Domu Narodzin przy Szpitalu \u015bw. Zofii na \u017belaznej w Warszawie.<\/div>\n<div dir=\"auto\"><\/div>\n<div dir=\"auto\">Miesi\u0105c temu tu\u017c po p\u00f3\u0142nocy zadzwoni\u0142 telefon z TYM d\u017awi\u0119kiem, kt\u00f3ry mam przypisany w telefonie do kobiet na kt\u00f3rych por\u00f3d czekam. W s\u0142uchawce us\u0142ysza\u0142am Kasi\u0119, \u017ce rodzi i jedzie do szpitala. Troch\u0119 wpad\u0142am w pop\u0142och, bo rano na 9:00 mia\u0142am wywiad w telewizji \u015bniadaniowej na \u017cywo o fotografowaniu na porod\u00f3wkach i nie mia\u0142am jak tego prze\u0142o\u017cy\u0107. Kasia mnie jednak uspokoi\u0142a \u017ce odesz\u0142y wody, ale nie czuje jaki\u015b mocnych skurczy i \u017ce poczeka a\u017c sko\u0144cz\u0119 wywiad. Zacz\u0119\u0142y\u015bmy si\u0119 nawet \u015bmia\u0107 z tego czekania\u2026 powiadomi\u0142am druga fotografk\u0119 \u017ceby by\u0142a w gotowo\u015bci i faktycznie czeka\u0142y\u015bmy na rozw\u00f3j wypadk\u00f3w.. No i Anto\u015b postanowi\u0142 poczeka\u0107 na mnie. Do\u0142\u0105czy\u0142am do Kasi i Artura po wywiadzie. Pierwszy raz fotografowa\u0142am w pe\u0142nym makija\u017cu.<\/div>\n<div dir=\"auto\"><\/div>\n<\/div>\n<div class=\"gwp37073e0e_x11i5rnm gwp37073e0e_xat24cr gwp37073e0e_x1mh8g0r gwp37073e0e_x1vvkbs gwp37073e0e_xtlvy1s\">\n<div dir=\"auto\">Skurcze rozkr\u0119ca\u0142y si\u0119 powoli. Po\u0142o\u017cna Aneta wpiera\u0142a Kasi\u0119 dobieraj\u0105c r\u00f3\u017cne pozycje \u2013 pierwszy raz widzia\u0142am tensa za\u0142o\u017conego nad kostk\u0119, aby pobudza\u0142 skurcze oraz na przyk\u0142ad \u201ekroki bocianie\u201d. By\u0142am pod ogromnym wra\u017ceniem tego jak Aneta pod\u0105\u017ca\u0142a za cia\u0142em Kasi jednocze\u015bnie zach\u0119caj\u0105c je naturalnymi sposobami do wysi\u0142ku urodzenia Antosia. Mija\u0142y kolejne godziny. Promienie s\u0142o\u0144ca wdziera\u0142y si\u0119 lekko przez przys\u0142oni\u0119te okna, wype\u0142niaj\u0105c sal\u0119 Londyn ciep\u0142ym \u015bwiat\u0142em. Kasia wesz\u0142a do wanny, by\u0142a pod prysznicem i przy drabinkach. Ostatecznie pe\u0142ne rozwarcie zrobi\u0142o si\u0119, gdy by\u0142a na materacu na pod\u0142odze. Anto\u015b pi\u0119knie przywita\u0142 \u015bwiat i wyl\u0105dowa\u0142 w obj\u0119ciach totalnie wzruszonej Kasi. Do\u0142\u0105czy\u0142a do nas r\u00f3wnie\u017c druga po\u0142o\u017cna Martyna Martyna Grygiel-Ka, kt\u00f3ra p\u00f3\u017aniej po kangurowaniu ju\u017c zaj\u0119\u0142a si\u0119 Maluszkiem i Kasi\u0105.<\/div>\n<div dir=\"auto\"><\/div>\n<\/div>\n<div class=\"gwp37073e0e_x11i5rnm gwp37073e0e_xat24cr gwp37073e0e_x1mh8g0r gwp37073e0e_x1vvkbs gwp37073e0e_xtlvy1s\">\n<div dir=\"auto\">Czy mo\u017cna urodzi\u0107 pi\u0119knie na pod\u0142odze? TAK! Zobaczcie jak to by\u0142o podczas narodzin Antosia. Zostawiam Was z prawdziw\u0105 uczt\u0105 dla oka i serca. Koniecznie z d\u017awi\u0119kiem! Dajcie prosz\u0119 zna\u0107, jakie wra\u017cenia po obejrzeniu.<\/div>\n<\/div>\n<div class=\"gwp37073e0e_x11i5rnm gwp37073e0e_xat24cr gwp37073e0e_x1mh8g0r gwp37073e0e_x1vvkbs gwp37073e0e_xtlvy1s\">\n<div dir=\"auto\">I od razu uprzedzaj\u0105c pytania \u2013 tak, w Domu Narodzin mo\u017cna urodzi\u0107 bez dodatkowych op\u0142at.<\/div>\n<\/div>\n<div><\/div>\n<\/div>\n<div class=\"gwp37073e0e_x11i5rnm gwp37073e0e_xat24cr gwp37073e0e_x1mh8g0r gwp37073e0e_x1vvkbs gwp37073e0e_xtlvy1s\">\n<div dir=\"auto\">\n<div style=\"width: 750px;\" class=\"wp-video\"><!--[if lt IE 9]><script>document.createElement('video');<\/script><![endif]-->\n<video class=\"wp-video-shortcode\" id=\"video-1965-1\" width=\"750\" height=\"422\" preload=\"metadata\" controls=\"controls\"><source type=\"video\/mp4\" src=\"http:\/\/obiektywnienajpiekniejsze.pl\/wp-content\/uploads\/2025\/02\/Witaj-AntoA_-PORTFOLIO_2023-08-18_1080p.mp4?_=1\" \/><a href=\"http:\/\/obiektywnienajpiekniejsze.pl\/wp-content\/uploads\/2025\/02\/Witaj-AntoA_-PORTFOLIO_2023-08-18_1080p.mp4\">http:\/\/obiektywnienajpiekniejsze.pl\/wp-content\/uploads\/2025\/02\/Witaj-AntoA_-PORTFOLIO_2023-08-18_1080p.mp4<\/a><\/video><\/div>\n<\/div>\n<div dir=\"auto\">Narodziny Antosia<\/div>\n<\/div>\n<\/div>\n<\/div>\n<\/div>\n<\/div>\n<\/div>\n<\/div>\n<p><!-- \/wp:video --><\/p>\n","protected":false},"excerpt":{"rendered":"<p>Wczoraj by\u0142 wyj\u0105tkowy dzie\u0144 \u2013 Mi\u0119dzynarodowy Dzie\u0144\u00a0Fotografii Nigdy nie s\u0105dzi\u0142am, \u017ce w moim \u017cyciu pojawi si\u0119 taka przygoda i b\u0119d\u0119 pionierk\u0105 fotografii z narodzin w Polsce. Czy fotografia mo\u017cna zmienia\u0107 \u015bwiat? Dzi\u015b, po prawie pi\u0119ciu latach fotografowania cudu \u017cycia wiem, [&hellip;]<\/p>\n","protected":false},"author":1,"featured_media":1966,"comment_status":"closed","ping_status":"open","sticky":false,"template":"","format":"standard","meta":{"footnotes":""},"categories":[4],"tags":[],"class_list":["post-1965","post","type-post","status-publish","format-standard","has-post-thumbnail","hentry","category-najpiekniejsze-historie"],"_links":{"self":[{"href":"http:\/\/obiektywnienajpiekniejsze.pl\/index.php?rest_route=\/wp\/v2\/posts\/1965","targetHints":{"allow":["GET"]}}],"collection":[{"href":"http:\/\/obiektywnienajpiekniejsze.pl\/index.php?rest_route=\/wp\/v2\/posts"}],"about":[{"href":"http:\/\/obiektywnienajpiekniejsze.pl\/index.php?rest_route=\/wp\/v2\/types\/post"}],"author":[{"embeddable":true,"href":"http:\/\/obiektywnienajpiekniejsze.pl\/index.php?rest_route=\/wp\/v2\/users\/1"}],"replies":[{"embeddable":true,"href":"http:\/\/obiektywnienajpiekniejsze.pl\/index.php?rest_route=%2Fwp%2Fv2%2Fcomments&post=1965"}],"version-history":[{"count":2,"href":"http:\/\/obiektywnienajpiekniejsze.pl\/index.php?rest_route=\/wp\/v2\/posts\/1965\/revisions"}],"predecessor-version":[{"id":1969,"href":"http:\/\/obiektywnienajpiekniejsze.pl\/index.php?rest_route=\/wp\/v2\/posts\/1965\/revisions\/1969"}],"wp:featuredmedia":[{"embeddable":true,"href":"http:\/\/obiektywnienajpiekniejsze.pl\/index.php?rest_route=\/wp\/v2\/media\/1966"}],"wp:attachment":[{"href":"http:\/\/obiektywnienajpiekniejsze.pl\/index.php?rest_route=%2Fwp%2Fv2%2Fmedia&parent=1965"}],"wp:term":[{"taxonomy":"category","embeddable":true,"href":"http:\/\/obiektywnienajpiekniejsze.pl\/index.php?rest_route=%2Fwp%2Fv2%2Fcategories&post=1965"},{"taxonomy":"post_tag","embeddable":true,"href":"http:\/\/obiektywnienajpiekniejsze.pl\/index.php?rest_route=%2Fwp%2Fv2%2Ftags&post=1965"}],"curies":[{"name":"wp","href":"https:\/\/api.w.org\/{rel}","templated":true}]}}