{"id":970,"date":"2019-09-30T21:21:08","date_gmt":"2019-09-30T21:21:08","guid":{"rendered":"http:\/\/obiektywnienajpiekniejsze.pl\/?p=970"},"modified":"2023-04-10T18:44:21","modified_gmt":"2023-04-10T18:44:21","slug":"narodziny-karolka","status":"publish","type":"post","link":"http:\/\/obiektywnienajpiekniejsze.pl\/?p=970","title":{"rendered":"Narodziny Karolka"},"content":{"rendered":"\n<p>Ten por\u00f3d na d\u0142ugo zostanie w mojej pami\u0119ci. Asia i Janek zaprosili mnie do uwiecznienia chwili narodzin ich synka. Za ka\u017cdym razem, kiedy zbli\u017ca si\u0119 planowany termin porodu, mam motyle w brzuchu i nie mog\u0119 si\u0119 doczeka\u0107. Wpatruj\u0119 si\u0119 w telefon, czy aby nie przysz\u0142a ju\u017c wiadomo\u015b\u0107 \u017ce mam rusza\u0107. Karolek wyczeka\u0142 rodzic\u00f3w i mnie do samego ko\u0144ca, ale kiedy ju\u017c postanowi\u0142 przyj\u015b\u0107 na \u015bwiat wszystko dzia\u0142o si\u0119 bardzo szybko i aktywnie. To co w szczeg\u00f3lno\u015bci by\u0142o niezwyk\u0142e podczas tego wieczoru to to, jak Janek i Asia byli ze sob\u0105 w tych chwilach. Ogromne wsparcie, empatia i energia Janka wype\u0142nia\u0142y sal\u0119 porodow\u0105 totalnie. I naprawd\u0119 mog\u0142abym powiedzie\u0107, \u017ce Asia i Janek rodzili razem swojego synka. A Joasia to prawdziwa bohaterka \u2013 powiem Wam tylko, \u017ce jak po\u0142o\u017cna po\u0142o\u017cy\u0142a Karolka na wag\u0119 to wszyscy zaniem\u00f3wili z podziwu&#8230;<\/p>\n\n\n\n<p>Zobaczcie sami wyj\u0105tkowe chwile zatrzymane w moich fotografiach. My\u015bl\u0119, \u017ce ten reporta\u017c jest te\u017c wspania\u0142\u0105 odpowiedzi\u0105 dlaczego warto pozwoli\u0107 tacie prze\u017cywac por\u00f3d, a robienie zdj\u0119\u0107 powierzy\u0107 komu\u015b innemu<\/p>\n\n\n\n<figure class=\"wp-block-image\"><img loading=\"lazy\" decoding=\"async\" width=\"20\" height=\"20\" src=\"http:\/\/obiektywnienajpiekniejsze.pl\/wp-content\/uploads\/2019\/01\/emptylogo.png\" alt=\"\" class=\"wp-image-87\"\/><\/figure>\n\n\n\n<figure class=\"wp-block-video aligncenter\"><video controls src=\"http:\/\/obiektywnienajpiekniejsze.pl\/wp-content\/uploads\/2019\/09\/Karolek_ma\u0142y.mp4\"><\/video><figcaption>Narodziny Karolka<\/figcaption><\/figure>\n","protected":false},"excerpt":{"rendered":"<p>Ten por\u00f3d na d\u0142ugo zostanie w mojej pami\u0119ci. Asia i Janek zaprosili mnie do uwiecznienia chwili narodzin ich synka. Za ka\u017cdym razem, kiedy zbli\u017ca si\u0119 planowany termin porodu, mam motyle w brzuchu i nie mog\u0119 si\u0119 doczeka\u0107. Wpatruj\u0119 si\u0119 w [&hellip;]<\/p>\n","protected":false},"author":1,"featured_media":1111,"comment_status":"closed","ping_status":"open","sticky":false,"template":"","format":"standard","meta":{"footnotes":""},"categories":[4],"tags":[],"class_list":["post-970","post","type-post","status-publish","format-standard","has-post-thumbnail","hentry","category-najpiekniejsze-historie"],"_links":{"self":[{"href":"http:\/\/obiektywnienajpiekniejsze.pl\/index.php?rest_route=\/wp\/v2\/posts\/970","targetHints":{"allow":["GET"]}}],"collection":[{"href":"http:\/\/obiektywnienajpiekniejsze.pl\/index.php?rest_route=\/wp\/v2\/posts"}],"about":[{"href":"http:\/\/obiektywnienajpiekniejsze.pl\/index.php?rest_route=\/wp\/v2\/types\/post"}],"author":[{"embeddable":true,"href":"http:\/\/obiektywnienajpiekniejsze.pl\/index.php?rest_route=\/wp\/v2\/users\/1"}],"replies":[{"embeddable":true,"href":"http:\/\/obiektywnienajpiekniejsze.pl\/index.php?rest_route=%2Fwp%2Fv2%2Fcomments&post=970"}],"version-history":[{"count":3,"href":"http:\/\/obiektywnienajpiekniejsze.pl\/index.php?rest_route=\/wp\/v2\/posts\/970\/revisions"}],"predecessor-version":[{"id":974,"href":"http:\/\/obiektywnienajpiekniejsze.pl\/index.php?rest_route=\/wp\/v2\/posts\/970\/revisions\/974"}],"wp:featuredmedia":[{"embeddable":true,"href":"http:\/\/obiektywnienajpiekniejsze.pl\/index.php?rest_route=\/wp\/v2\/media\/1111"}],"wp:attachment":[{"href":"http:\/\/obiektywnienajpiekniejsze.pl\/index.php?rest_route=%2Fwp%2Fv2%2Fmedia&parent=970"}],"wp:term":[{"taxonomy":"category","embeddable":true,"href":"http:\/\/obiektywnienajpiekniejsze.pl\/index.php?rest_route=%2Fwp%2Fv2%2Fcategories&post=970"},{"taxonomy":"post_tag","embeddable":true,"href":"http:\/\/obiektywnienajpiekniejsze.pl\/index.php?rest_route=%2Fwp%2Fv2%2Ftags&post=970"}],"curies":[{"name":"wp","href":"https:\/\/api.w.org\/{rel}","templated":true}]}}